{"id":4824,"date":"2026-02-13T13:46:33","date_gmt":"2026-02-13T12:46:33","guid":{"rendered":"https:\/\/rakosyuveg.hu\/?p=4824"},"modified":"2026-02-13T13:46:34","modified_gmt":"2026-02-13T12:46:34","slug":"5-egyedi-uveg-ami-praktikusabba-teszi-a-konyhat","status":"publish","type":"post","link":"https:\/\/rakosyuveg.hu\/en\/5-egyedi-uveg-ami-praktikusabba-teszi-a-konyhat\/","title":{"rendered":"5 egyedi \u00fcveg, ami praktikusabb\u00e1 teszi a konyh\u00e1t"},"content":{"rendered":"<p>A konyha ma m\u00e1r nem csup\u00e1n a f\u0151z\u00e9s helysz\u00edne, hanem a lak\u00e1s egyik k\u00f6zponti tere, ahol a <strong>praktikum \u00e9s a diz\u00e1jn egyens\u00falya<\/strong> k\u00fcl\u00f6n\u00f6sen fontos. Az \u00fcveg, mint lakberendez\u00e9si anyag, t\u00f6k\u00e9letesen illeszkedik ebbe a modern szeml\u00e9letbe: eszt\u00e9tikus, sokoldal\u00fa \u00e9s technikailag is fejlett megold\u00e1sokat k\u00edn\u00e1l. N\u00e9zz\u00fck, mi\u00e9rt \u00e9rdemes az <strong>\u00fcveget be\u00e9p\u00edteni a konyh\u00e1ba<\/strong>, \u00e9s hogyan haszn\u00e1lhatjuk ki a benne rejl\u0151 lehet\u0151s\u00e9geket!<\/p><h3 class=\"wp-block-heading\">Az \u00fcveg el\u0151nyei konyhai k\u00f6rnyezetben<\/h3><p>Az \u00fcveg konyhai alkalmaz\u00e1sa sz\u00e1mos praktikus \u00e9s eszt\u00e9tikai el\u0151nnyel j\u00e1r, amelyek miatt egyre n\u00e9pszer\u0171bb a bels\u0151\u00e9p\u00edt\u00e9szetben:<\/p><p><strong>K\u00f6nnyen tiszt\u00edthat\u00f3<\/strong>. Nincsenek fug\u00e1k vagy r\u00e9sek, ahol szennyez\u0151d\u00e9s gy\u0171lhetne \u00f6ssze, \u00edgy egy gyors t\u00f6rl\u00e9ssel mindig makul\u00e1tlan marad \u2013 ide\u00e1lis a zs\u00edros, nedves konyhai k\u00f6r\u00fclm\u00e9nyekhez.<\/p><p><strong>Higi\u00e9nia<\/strong>. Nem por\u00f3zus fel\u00fclet, \u00edgy nem sz\u00edvja mag\u00e1ba a szagokat, nem tudnak rajta elszaporodni a bakt\u00e9riumok, ellent\u00e9tben a csemp\u00e9vel vagy f\u00e1val.<\/p><p><strong>Tart\u00f3s \u00e9s ellen\u00e1ll\u00f3<\/strong>. Az edzett \u00fcveg h\u0151\u00e1ll\u00f3, ez\u00e9rt nem gond, ha k\u00f6zvetlen\u00fcl a g\u00e1zl\u00e1ng vagy az indukci\u00f3s lap mell\u00e9 ker\u00fcl. A t\u0171zhely m\u00f6g\u00f6tt a fal gyakran 100\u2013200 \u00b0C-ra is felmelegszik f\u0151z\u00e9s k\u00f6zben: az edzett \u00fcveg nem reped el, nem deform\u00e1l\u00f3dik, nem s\u00e1rgul.<\/p><p><strong>V\u00e1ltozatosan dekor\u00e1lhat\u00f3<\/strong>. Az \u00fcveg fel\u00fclet\u00e9n b\u00e1rmilyen grafika, fot\u00f3 vagy minta megjelen\u00edthet\u0151. Egyedi h\u00e1tfal- vagy pultburkolattal a konyha igazi designk\u00f6zpontt\u00e1 v\u00e1lhat. Ha egyedi \u00fcveget szeretne a konyh\u00e1j\u00e1ba, <strong><a href=\"https:\/\/rakosyuveg.hu\/en\/contact\/\">l\u00e1togasson el bemutat\u00f3term\u00fcnkbe<\/a><\/strong>, ahol rengeteg \u00f6tlettel \u00e9s megold\u00e1ssal ismerkedhet meg!<\/p><p><strong>F\u00e9nyvisszaver\u00e9s \u00e9s t\u00e9rn\u00f6vel\u00e9s<\/strong>. \u00c1ttetsz\u0151 vagy f\u00e9lig \u00e1ttetsz\u0151 v\u00e1ltozatai optikailag nagyobb\u00edtj\u00e1k a teret, ami minden konyh\u00e1nak el\u0151ny\u00e9re v\u00e1lik. Kis alapter\u00fclet\u0171 konyh\u00e1kban pedig egyenesen k\u00f6telez\u0151!<\/p><p><strong>K\u00f6rnyezetbar\u00e1t<\/strong>. Az \u00fcveg \u00fajrahasznos\u00edthat\u00f3, \u00e9s hossz\u00fa \u00e9lettartama miatt fenntarthat\u00f3 v\u00e1laszt\u00e1s.<\/p><p><strong>Multifunkcionalit\u00e1s<\/strong>. Nem csak dekor\u00e1ci\u00f3, de funkcion\u00e1lis elemk\u00e9nt is szolg\u00e1lhat, p\u00e9ld\u00e1ul radi\u00e1tork\u00e9nt, ha a konyhai h\u00e1tfalat vagy a burkolat egy r\u00e9sz\u00e9t <strong><a href=\"https:\/\/rakosyuveg.hu\/en\/product\/helio-heating-glass\/\">f\u0171t\u0151 \u00fcvegb\u0151l<\/a><\/strong> gy\u00e1rtjuk le.\u00a0<\/p><h3 class=\"wp-block-heading\">Hogyan haszn\u00e1lhatjuk az \u00fcveget a konyh\u00e1ban?<\/h3><div class=\"wp-block-image\"><figure class=\"alignright size-full\"><img loading=\"lazy\" decoding=\"async\" width=\"590\" height=\"440\" src=\"https:\/\/rakosyuveg.hu\/wp-content\/uploads\/2024\/06\/konyhahatfal-web-kep-06-2048x1365-1.jpg\" alt=\"K\u00e9k mint\u00e1s konyhai h\u00e1tfal.\" class=\"wp-image-367\" srcset=\"https:\/\/rakosyuveg.hu\/wp-content\/uploads\/2024\/06\/konyhahatfal-web-kep-06-2048x1365-1.jpg 590w, https:\/\/rakosyuveg.hu\/wp-content\/uploads\/2024\/06\/konyhahatfal-web-kep-06-2048x1365-1-300x224.jpg 300w\" sizes=\"auto, (max-width: 590px) 100vw, 590px\" \/><\/figure><\/div><p><strong>1. Konyhai h\u00e1tfal<\/strong><\/p><p>A legn\u00e9pszer\u0171bb alkalmaz\u00e1si ter\u00fclet. Az \u00fcveg h\u00e1tfal modern, higi\u00e9nikus \u00e9s k\u00f6nnyen tiszt\u00e1n tarthat\u00f3. A sz\u00ednes, mint\u00e1s vagy ak\u00e1r f\u00e9nyk\u00e9ppel nyomtatott egyedi \u00fcveg k\u00fcl\u00f6nleges karaktert ad a helyis\u00e9gnek.<\/p><p><strong>2. Konyhasziget burkolata<\/strong><\/p><p>A konyhasziget frontj\u00e1t \u00fcvegburkolattal is d\u00edsz\u00edthetj\u00fck, amelyet LED-vil\u00e1g\u00edt\u00e1ssal kombin\u00e1lva l\u00e1tv\u00e1nyos, eleg\u00e1ns hat\u00e1st \u00e9rhet\u00fcnk el.<\/p><p><strong>3. Munkapult kieg\u00e9sz\u00edt\u0151 elemek\u00e9nt<\/strong><\/p><p>B\u00e1r a teljes pult ritk\u00e1n k\u00e9sz\u00fcl \u00fcvegb\u0151l, bizonyos r\u00e9szek \u2013 p\u00e9ld\u00e1ul v\u00e1g\u00f3fel\u00fcletek, d\u00edszbet\u00e9tek \u2013 eset\u00e9n izgalmas kontrasztot teremthet a fa, k\u0151 vagy f\u00e9m anyagokkal. Praktikus: ha a pult \u00fcvegfed\u00e9se h\u0151\u00e1ll\u00f3, vagyis edzett \u00fcvegb\u0151l k\u00e9sz\u00fcl, akkor k\u00f6zvetlen\u00fcl r\u00e1tehetj\u00fck a forr\u00f3 ed\u00e9nyeket.<\/p><p><strong>4. \u00dcvegpolcok \u00e9s vitrinek<\/strong><\/p><p>A konyhai t\u00e1rol\u00f3k vil\u00e1gosabb\u00e1 \u00e9s l\u00e9giesebb\u00e9 v\u00e1lnak \u00fcvegpolcokkal vagy \u00fcvegajt\u00f3kkal. K\u00fcl\u00f6n\u00f6sen j\u00f3l mutatnak be\u00e9p\u00edtett LED-vil\u00e1g\u00edt\u00e1ssal.<\/p><p><strong>5. F\u0171t\u0151 \u00fcvegk\u00e9nt<\/strong><\/p><p>A f\u0171t\u0151 \u00fcvegek diszkr\u00e9ten be\u00e9p\u00edthet\u0151k ak\u00e1r a h\u00e1tfalba vagy az \u00e9tkez\u0151 fal\u00e1ba. Ez az innovat\u00edv technol\u00f3gia nemcsak eszt\u00e9tikus, de energiatakar\u00e9kos \u00e9s praktikus is.<\/p><h3 class=\"wp-block-heading\">Ha a funkcionalit\u00e1st \u00e9s a st\u00edlust \u00f6tv\u00f6zi, azzal mindig nyer<\/h3><p>Az \u00fcveg a konyh\u00e1ban nem csup\u00e1n trendi v\u00e1laszt\u00e1s, hanem praktikus \u00e9s tart\u00f3s megold\u00e1s is, \u00e9s nem utols\u00f3 sorban megk\u00f6nny\u00edti a konyhai munk\u00e1t. Legyen sz\u00f3 h\u00e1tfalr\u00f3l, konyhaszigetr\u0151l vagy ak\u00e1r a f\u0171t\u0151 funkci\u00f3r\u00f3l, az \u00fcveg minden esetben modern eleganci\u00e1t visz a t\u00e9rbe. Egy j\u00f3l megv\u00e1lasztott, egyedi \u00fcvegfel\u00fclet pedig k\u00f6nnyed\u00e9n a lak\u00e1s legmark\u00e1nsabb diz\u00e1jnelem\u00e9v\u00e9 v\u00e1lhat.<\/p>","protected":false},"excerpt":{"rendered":"<p>A konyha ma m\u00e1r nem csup\u00e1n a f\u0151z\u00e9s helysz\u00edne, hanem a lak\u00e1s egyik k\u00f6zponti tere, ahol a praktikum \u00e9s a diz\u00e1jn egyens\u00falya k\u00fcl\u00f6n\u00f6sen fontos. Az \u00fcveg, mint lakberendez\u00e9si anyag, t\u00f6k\u00e9letesen illeszkedik ebbe a modern szeml\u00e9letbe: eszt\u00e9tikus, sokoldal\u00fa \u00e9s technikailag is fejlett megold\u00e1sokat k\u00edn\u00e1l. N\u00e9zz\u00fck, mi\u00e9rt \u00e9rdemes az \u00fcveget be\u00e9p\u00edteni a &#8230; <a title=\"5 egyedi \u00fcveg, ami praktikusabb\u00e1 teszi a konyh\u00e1t\" class=\"read-more\" href=\"https:\/\/rakosyuveg.hu\/en\/5-egyedi-uveg-ami-praktikusabba-teszi-a-konyhat\/\" aria-label=\"Read more about 5 egyedi \u00fcveg, ami praktikusabb\u00e1 teszi a konyh\u00e1t\">Tov\u00e1bb<\/a><\/p>","protected":false},"author":2,"featured_media":4690,"comment_status":"closed","ping_status":"closed","sticky":false,"template":"","format":"standard","meta":{"inline_featured_image":false,"footnotes":""},"categories":[51],"tags":[71],"class_list":["post-4824","post","type-post","status-publish","format-standard","has-post-thumbnail","hentry","category-termekek","tag-egyedi-uveg","infinite-scroll-item","generate-columns","tablet-grid-50","mobile-grid-100","grid-parent","grid-33"],"_links":{"self":[{"href":"https:\/\/rakosyuveg.hu\/en\/wp-json\/wp\/v2\/posts\/4824","targetHints":{"allow":["GET"]}}],"collection":[{"href":"https:\/\/rakosyuveg.hu\/en\/wp-json\/wp\/v2\/posts"}],"about":[{"href":"https:\/\/rakosyuveg.hu\/en\/wp-json\/wp\/v2\/types\/post"}],"author":[{"embeddable":true,"href":"https:\/\/rakosyuveg.hu\/en\/wp-json\/wp\/v2\/users\/2"}],"replies":[{"embeddable":true,"href":"https:\/\/rakosyuveg.hu\/en\/wp-json\/wp\/v2\/comments?post=4824"}],"version-history":[{"count":1,"href":"https:\/\/rakosyuveg.hu\/en\/wp-json\/wp\/v2\/posts\/4824\/revisions"}],"predecessor-version":[{"id":4825,"href":"https:\/\/rakosyuveg.hu\/en\/wp-json\/wp\/v2\/posts\/4824\/revisions\/4825"}],"wp:featuredmedia":[{"embeddable":true,"href":"https:\/\/rakosyuveg.hu\/en\/wp-json\/wp\/v2\/media\/4690"}],"wp:attachment":[{"href":"https:\/\/rakosyuveg.hu\/en\/wp-json\/wp\/v2\/media?parent=4824"}],"wp:term":[{"taxonomy":"category","embeddable":true,"href":"https:\/\/rakosyuveg.hu\/en\/wp-json\/wp\/v2\/categories?post=4824"},{"taxonomy":"post_tag","embeddable":true,"href":"https:\/\/rakosyuveg.hu\/en\/wp-json\/wp\/v2\/tags?post=4824"}],"curies":[{"name":"wp","href":"https:\/\/api.w.org\/{rel}","templated":true}]}}