{"id":3704,"date":"2025-04-15T11:18:13","date_gmt":"2025-04-15T09:18:13","guid":{"rendered":"https:\/\/rakosyuveg.hu\/?p=3704"},"modified":"2025-04-15T11:18:15","modified_gmt":"2025-04-15T09:18:15","slug":"minimalista-uveg-zuhanykabin-a-mindent-tulelo-furdoszobai-trend","status":"publish","type":"post","link":"https:\/\/rakosyuveg.hu\/en\/minimalista-uveg-zuhanykabin-a-mindent-tulelo-furdoszobai-trend\/","title":{"rendered":"Minimalista \u00fcveg zuhanykabin, a mindent t\u00fal\u00e9l\u0151 f\u00fcrd\u0151szobai trend"},"content":{"rendered":"<p>A f\u00fcrd\u0151szobai trendek vil\u00e1g\u00e1ban minden \u00e9vben sz\u00e1mos \u00f6tlettel \u00e9s \u00fajdons\u00e1ggal tal\u00e1lkozhatunk, a v\u00e1ltoz\u00e1s forgatag\u00e1ban azonban vannak olyan visszat\u00e9r\u0151 elemek, amelyek k\u00e9pesek t\u00f6bb \u00e9ven \u00e1t is topon maradni. Ilyen nagy visszat\u00e9r\u0151 a minimalista st\u00edlust k\u00e9pvisel\u0151, \u00fcvegfal\u00fa zuhanykabin, ami <strong>az elm\u00falt \u00f6t \u00e9v egyik legnagyobb trendje a f\u00fcrd\u0151szobaiparban<\/strong>.&nbsp;<\/p><div class=\"wp-block-image\"><figure class=\"aligncenter size-large is-resized\"><img loading=\"lazy\" decoding=\"async\" width=\"1024\" height=\"683\" src=\"https:\/\/rakosyuveg.hu\/wp-content\/uploads\/2025\/03\/uvegajto_34-1024x683.png\" alt=\"\" class=\"wp-image-3639\" style=\"width:826px;height:auto\" srcset=\"https:\/\/rakosyuveg.hu\/wp-content\/uploads\/2025\/03\/uvegajto_34-1024x683.png 1024w, https:\/\/rakosyuveg.hu\/wp-content\/uploads\/2025\/03\/uvegajto_34-300x200.png 300w, https:\/\/rakosyuveg.hu\/wp-content\/uploads\/2025\/03\/uvegajto_34-768x512.png 768w, https:\/\/rakosyuveg.hu\/wp-content\/uploads\/2025\/03\/uvegajto_34-1536x1024.png 1536w, https:\/\/rakosyuveg.hu\/wp-content\/uploads\/2025\/03\/uvegajto_34-18x12.png 18w, https:\/\/rakosyuveg.hu\/wp-content\/uploads\/2025\/03\/uvegajto_34.png 1920w\" sizes=\"auto, (max-width: 1024px) 100vw, 1024px\" \/><\/figure><\/div><h3 class=\"wp-block-heading\">Hogyan illeszkedik az \u00fcveg zuhanykabin a 2025-\u00f6s f\u00fcrd\u0151szobai trendekhez?<\/h3><p>A keret n\u00e9lk\u00fcli \u00fcveg zuhanykabin olyan <strong>alapdarab<\/strong>, ami egyszer\u0171, st\u00edlusos, m\u00e9gis sokoldal\u00fa \u00e9s hossz\u00fa \u00e9lettartam\u00fa. Val\u00f3sz\u00edn\u0171leg a k\u00f6vetkez\u0151 \u00e9vekben sem fog kikopni a bels\u0151\u00e9p\u00edt\u00e9szeti trendekb\u0151l, b\u00e1tran be lehet szerelni a f\u00fcrd\u0151szob\u00e1ba, ha \u00e9p\u00edtkez\u00e9s vagy fel\u00faj\u00edt\u00e1s el\u0151tt \u00e1llunk. Az idei f\u00fcrd\u0151szobai trendek t\u00f6bb vonulat\u00e1ba is remek\u00fcl illeszkedik.&nbsp;<\/p><p><strong>Vissza a term\u00e9szethez!<\/strong><\/p><p>A term\u00e9szethez val\u00f3 kapcsol\u00f3d\u00e1s olyan f\u00fcrd\u0151szobai trend, amely m\u00e1r \u00e9vek \u00f3ta h\u00f3d\u00edt, \u00e9s amely 2025-ben egyre nagyobb teret k\u00f6vetel mag\u00e1nak, a biofilikus elemeket helyezve a k\u00f6z\u00e9ppontba. Ez a megk\u00f6zel\u00edt\u00e9s a n\u00f6v\u00e9nyek, a term\u00e9szetes f\u00e9ny \u00e9s a v\u00edz nyugtat\u00f3, relax\u00e1l\u00f3 \u00e9s friss\u00edt\u0151 hat\u00e1s\u00e1ra \u00e9p\u00edt. Nagy ablakok vagy tet\u0151ablakok term\u00e9szetes f\u00e9nnyel vil\u00e1g\u00edtj\u00e1k meg a teret, az \u00fcveg zuhanykabin pedig gondoskodik arr\u00f3l, hogy a f\u00e9ny szabadon terjedjen a t\u00e9rben \u2013 az \u00fcveg semlegess\u00e9ge miatt pedig j\u00f3l t\u00e1rs\u00edthat\u00f3 a term\u00e9szetes anyagokkal.<\/p><p><strong>High-tech f\u00fcrd\u0151szoba<\/strong><\/p><p>A lakberendez\u00e9si trendek k\u00f6z\u00f6tt a technol\u00f3gia \u00e1ltal vez\u00e9relt f\u00fcrd\u0151szob\u00e1k a j\u00f6v\u0151ben is jelen lesznek, mivel az intelligens technol\u00f3gia egyre ink\u00e1bb \u00e1talak\u00edtja mindennapi rutinjainkat. 2025-ben egy olyan okos t\u00fck\u00f6rrel kezdheti a napj\u00e1t, amely a legfrissebb h\u00edreket, id\u0151j\u00e1r\u00e1s-friss\u00edt\u00e9seket, s\u0151t, m\u00e9g a napirendj\u00e9t is megmutatja. Egy intelligens zuhanyz\u00f3val testre szabhat\u00f3 a v\u00edz h\u0151m\u00e9rs\u00e9klete \u00e9s nyom\u00e1sa, \u00e9s ak\u00e1r zen\u00e9t is lej\u00e1tszik. S\u0151t, a f\u00fcrd\u0151szob\u00e1nk f\u0171t\u00e9s\u00e9t is megoldhatjuk \u00fcvegelemekkel (t\u00e9relv\u00e1laszt\u00f3 falak, burkolatok, b\u00fatorok lapjai, dekorat\u00edv elemek), ha azok <strong><a href=\"https:\/\/rakosyuveg.hu\/en\/product\/helio-heating-glass\/\">f\u0171t\u0151 \u00fcvegb\u0151l<\/a><\/strong> k\u00e9sz\u00fclnek. A f\u0171t\u0151 \u00fcveg egy kis luxust k\u00f6lcs\u00f6n\u00f6z a f\u00fcrd\u0151szob\u00e1nak, \u00e9s okostelefonos vez\u00e9rl\u00e9ssel t\u00f6k\u00e9letes meleg fogad majd mindig, amikor bel\u00e9p\u00fcnk.\u00a0<\/p><p><strong>Nyitott koncepci\u00f3<\/strong><\/p><p>T\u00e1gas, szell\u0151s f\u00fcrd\u0151szob\u00e1k, amelyekben a f\u00e9ny szabadon \u00e1ramolhat: az \u00fcveg kiemelt szerepet kap ezekben a terekben. A keret n\u00e9lk\u00fcli \u00fcveglapok fokozz\u00e1k a minimalista hat\u00e1st, az eredm\u00e9ny egy eleg\u00e1ns, modern eszt\u00e9tika, amely egyszerre funkcion\u00e1lis \u00e9s vizu\u00e1lisan is vonz\u00f3. Tov\u00e1bbra is h\u00f3d\u00edt a f\u00fcrd\u0151szoba ter\u00e9nek megnyit\u00e1sa egy terasz fel\u00e9, ezzel is n\u00f6velve a hat\u00e1rtalans\u00e1g \u00e9s a term\u00e9szetk\u00f6zelis\u00e9g \u00e9rz\u00e9s\u00e9t.<\/p><p><strong>A tenger sz\u00ednei<\/strong><\/p><p>Hozza be az \u00f3ce\u00e1n nyugtat\u00f3 hangulat\u00e1t f\u00fcrd\u0151szob\u00e1j\u00e1ba a tenger ihlette \u00e1rnyalatokkal. A k\u00e9k \u00e9s a z\u00f6ld \u00e1rnyalatai nyugodt l\u00e9gk\u00f6rt teremtenek, amely t\u00f6k\u00e9letes a pihen\u00e9shez. A l\u00e1gy v\u00edzt\u00f3nusok a tengerparti nyugalmat id\u00e9zik, m\u00edg a m\u00e9lyebb tenger\u00e9sz\u00e1rnyalat\u00fa \u00e1rnyalatok kifinomults\u00e1got \u00e9s m\u00e9lys\u00e9get k\u00f6lcs\u00f6n\u00f6znek. Az zuhanykabin \u00fcvegpaneleit tetsz\u0151legesen tudjuk sz\u00ednezni, megtartva azok \u00e1tl\u00e1tsz\u00f3s\u00e1g\u00e1t, illetve j\u00e1tszhatunk az \u00e1tl\u00e1tsz\u00f3s\u00e1g m\u00e9rt\u00e9k\u00e9vel is.<\/p><p><strong>Lebeg\u0151 b\u00fatorok \u00e9s szaniterek<\/strong><\/p><p>Ezek az eleg\u00e1ns, modern, falra szerelt szaniterek a padl\u00f3fel\u00fclet felszabad\u00edt\u00e1s\u00e1val a nagyobb t\u00e9r ill\u00fazi\u00f3j\u00e1t keltik. Ez k\u00fcl\u00f6n\u00f6sen a kisebb f\u00fcrd\u0151szob\u00e1kban el\u0151ny\u00f6s, mivel vizu\u00e1lisan n\u00f6veli a teret. Az \u00f6sszhat\u00e1s remek\u00fcl kieg\u00e9sz\u00edthet\u0151 keret n\u00e9lk\u00fcli \u00fcveg zuhanykabinnal, amely k\u00f6nnyed, l\u00e9gies hat\u00e1s\u00fa, nem teszi zs\u00fafoltt\u00e1 a teret, ez\u00e1ltal t\u00e1gasabb\u00e1 teszi a f\u00fcrd\u0151szob\u00e1t.<\/p><p><strong>Egyedi megold\u00e1sok<\/strong><\/p><p>Mint minden berendez\u00e9si t\u00e1rgy, az \u00fcveg zuhanykabin is egyediv\u00e9 tehet\u0151, testre szabhat\u00f3. Az \u00fcvegpaneleket meg lehet hajl\u00edtani, \u00e9s k\u00fcl\u00f6nb\u00f6z\u0151 \u00fcvegmegmunk\u00e1l\u00e1si technol\u00f3gi\u00e1kkal lehet dekor\u00e1lni. Nem szabad elfelejteni, hogy a minimalizmus nem jelent egyet a szem\u00e9lytelens\u00e9ggel, az \u00fcres terekkel. Az \u00fcveg lehet\u0151v\u00e9 teszi, hogy kifejezze kreativit\u00e1s\u00e1t, \u00e9s f\u00fcrd\u0151szob\u00e1ja az \u00d6n st\u00edlus\u00e1nak h\u0171 t\u00fck\u00f6rk\u00e9pe legyen.<\/p><p>Az \u00fcveg zuhanykabin remek v\u00e1laszt\u00e1s mindazoknak, akik hossz\u00fa t\u00e1vra terveznek. A R\u00e1kosy Glassn\u00e1l design, lamin\u00e1lt, rogyasztott, savmart, festett \u00e9s ker\u00e1mianyomtatott \u00fcvegek figyelemre m\u00e9lt\u00f3 v\u00e1laszt\u00e9k\u00e1t k\u00edn\u00e1ljuk, <strong><a href=\"https:\/\/rakosyuveg.hu\/en\/contact\/\">inspir\u00e1ci\u00f3\u00e9rt l\u00e1togasson el bemutat\u00f3term\u00fcnkbe!>><\/a><\/strong><\/p>","protected":false},"excerpt":{"rendered":"<p>A f\u00fcrd\u0151szobai trendek vil\u00e1g\u00e1ban minden \u00e9vben sz\u00e1mos \u00f6tlettel \u00e9s \u00fajdons\u00e1ggal tal\u00e1lkozhatunk, a v\u00e1ltoz\u00e1s forgatag\u00e1ban azonban vannak olyan visszat\u00e9r\u0151 elemek, amelyek k\u00e9pesek t\u00f6bb \u00e9ven \u00e1t is topon maradni. Ilyen nagy visszat\u00e9r\u0151 a minimalista st\u00edlust k\u00e9pvisel\u0151, \u00fcvegfal\u00fa zuhanykabin, ami az elm\u00falt \u00f6t \u00e9v egyik legnagyobb trendje a f\u00fcrd\u0151szobaiparban.&nbsp; Hogyan illeszkedik az \u00fcveg &#8230; <a title=\"Minimalista \u00fcveg zuhanykabin, a mindent t\u00fal\u00e9l\u0151 f\u00fcrd\u0151szobai trend\" class=\"read-more\" href=\"https:\/\/rakosyuveg.hu\/en\/minimalista-uveg-zuhanykabin-a-mindent-tulelo-furdoszobai-trend\/\" aria-label=\"Read more about Minimalista \u00fcveg zuhanykabin, a mindent t\u00fal\u00e9l\u0151 f\u00fcrd\u0151szobai trend\">Tov\u00e1bb<\/a><\/p>","protected":false},"author":2,"featured_media":3639,"comment_status":"closed","ping_status":"closed","sticky":false,"template":"","format":"standard","meta":{"inline_featured_image":false,"footnotes":""},"categories":[51],"tags":[],"class_list":["post-3704","post","type-post","status-publish","format-standard","has-post-thumbnail","hentry","category-termekek","infinite-scroll-item","generate-columns","tablet-grid-50","mobile-grid-100","grid-parent","grid-33"],"_links":{"self":[{"href":"https:\/\/rakosyuveg.hu\/en\/wp-json\/wp\/v2\/posts\/3704","targetHints":{"allow":["GET"]}}],"collection":[{"href":"https:\/\/rakosyuveg.hu\/en\/wp-json\/wp\/v2\/posts"}],"about":[{"href":"https:\/\/rakosyuveg.hu\/en\/wp-json\/wp\/v2\/types\/post"}],"author":[{"embeddable":true,"href":"https:\/\/rakosyuveg.hu\/en\/wp-json\/wp\/v2\/users\/2"}],"replies":[{"embeddable":true,"href":"https:\/\/rakosyuveg.hu\/en\/wp-json\/wp\/v2\/comments?post=3704"}],"version-history":[{"count":1,"href":"https:\/\/rakosyuveg.hu\/en\/wp-json\/wp\/v2\/posts\/3704\/revisions"}],"predecessor-version":[{"id":3705,"href":"https:\/\/rakosyuveg.hu\/en\/wp-json\/wp\/v2\/posts\/3704\/revisions\/3705"}],"wp:featuredmedia":[{"embeddable":true,"href":"https:\/\/rakosyuveg.hu\/en\/wp-json\/wp\/v2\/media\/3639"}],"wp:attachment":[{"href":"https:\/\/rakosyuveg.hu\/en\/wp-json\/wp\/v2\/media?parent=3704"}],"wp:term":[{"taxonomy":"category","embeddable":true,"href":"https:\/\/rakosyuveg.hu\/en\/wp-json\/wp\/v2\/categories?post=3704"},{"taxonomy":"post_tag","embeddable":true,"href":"https:\/\/rakosyuveg.hu\/en\/wp-json\/wp\/v2\/tags?post=3704"}],"curies":[{"name":"wp","href":"https:\/\/api.w.org\/{rel}","templated":true}]}}